{"id":5033,"date":"2024-01-19T21:29:59","date_gmt":"2024-01-19T20:29:59","guid":{"rendered":"http:\/\/viktorianeckarhausen.de\/?p=5033"},"modified":"2024-01-19T21:30:00","modified_gmt":"2024-01-19T20:30:00","slug":"clubhaus-vor-wiedereroeffnung","status":"publish","type":"post","link":"http:\/\/viktorianeckarhausen.de\/?p=5033","title":{"rendered":"Clubhaus vor Wiederer\u00f6ffnung"},"content":{"rendered":"\n<p>Der Mannheimer Morgen berichtet \u00fcber die Wiederer\u00f6ffnung unseres Clubhauses!<\/p>\n\n\n\n<p>Hier geht es zum Artikel:<a href=\"https:\/\/www.facebook.com\/photo\/?fbid=876314034496698&amp;set=a.504822314979207&amp;__cft__[0]=AZW4qA9IjLQibYYVuFiqVss_6spN9y9d3lpyzSyXiCedn2DsL5yK1km94bx-YqK-GXmdYpptRhEx1qYwNykQP3IpuSM69_HH7WbjHsfF6T4MMclj5vAedvtfukcPxTgRQo-wumu2D2M_FF5oZe99Om0VOIKEod6XlcUZk1LWZqlBOZXkTKcRPWeWL9LFDpKvri8&amp;__tn__=EH-R\"><\/a><\/p>\n\n\n\n<p><a href=\"https:\/\/www.mannheimer-morgen.de\/orte\/edingen-neckarhausen_artikel,-edingen-neckarhausen-fc-viktoria-neckarhausen-findet-neuen-paechter-fuer-das-clubhaus-_arid,2167425.html?fbclid=IwAR3g0jbGp-6q7EwOWcCaq2TqX-TthiVvYgUauiafgtPuBu2CX6WoUgzz23M\">FC Viktoria Neckarhausen findet neuen P\u00e4chter f\u00fcr das Clubhaus (mannheimer-morgen.de)<\/a><\/p>\n","protected":false},"excerpt":{"rendered":"<p>Der Mannheimer Morgen berichtet \u00fcber die Wiederer\u00f6ffnung unseres Clubhauses! Hier geht es zum Artikel: FC Viktoria Neckarhausen findet neuen P\u00e4chter f\u00fcr das Clubhaus (mannheimer-morgen.de)<\/p>\n","protected":false},"author":3,"featured_media":5034,"comment_status":"open","ping_status":"open","sticky":false,"template":"","format":"standard","meta":{"footnotes":""},"categories":[7,65],"tags":[],"class_list":["post-5033","post","type-post","status-publish","format-standard","has-post-thumbnail","hentry","category-news-article","category-clubhaus"],"_links":{"self":[{"href":"http:\/\/viktorianeckarhausen.de\/index.php?rest_route=\/wp\/v2\/posts\/5033","targetHints":{"allow":["GET"]}}],"collection":[{"href":"http:\/\/viktorianeckarhausen.de\/index.php?rest_route=\/wp\/v2\/posts"}],"about":[{"href":"http:\/\/viktorianeckarhausen.de\/index.php?rest_route=\/wp\/v2\/types\/post"}],"author":[{"embeddable":true,"href":"http:\/\/viktorianeckarhausen.de\/index.php?rest_route=\/wp\/v2\/users\/3"}],"replies":[{"embeddable":true,"href":"http:\/\/viktorianeckarhausen.de\/index.php?rest_route=%2Fwp%2Fv2%2Fcomments&post=5033"}],"version-history":[{"count":2,"href":"http:\/\/viktorianeckarhausen.de\/index.php?rest_route=\/wp\/v2\/posts\/5033\/revisions"}],"predecessor-version":[{"id":5036,"href":"http:\/\/viktorianeckarhausen.de\/index.php?rest_route=\/wp\/v2\/posts\/5033\/revisions\/5036"}],"wp:featuredmedia":[{"embeddable":true,"href":"http:\/\/viktorianeckarhausen.de\/index.php?rest_route=\/wp\/v2\/media\/5034"}],"wp:attachment":[{"href":"http:\/\/viktorianeckarhausen.de\/index.php?rest_route=%2Fwp%2Fv2%2Fmedia&parent=5033"}],"wp:term":[{"taxonomy":"category","embeddable":true,"href":"http:\/\/viktorianeckarhausen.de\/index.php?rest_route=%2Fwp%2Fv2%2Fcategories&post=5033"},{"taxonomy":"post_tag","embeddable":true,"href":"http:\/\/viktorianeckarhausen.de\/index.php?rest_route=%2Fwp%2Fv2%2Ftags&post=5033"}],"curies":[{"name":"wp","href":"https:\/\/api.w.org\/{rel}","templated":true}]}}