{"id":5060,"date":"2024-02-05T20:15:33","date_gmt":"2024-02-05T19:15:33","guid":{"rendered":"http:\/\/viktorianeckarhausen.de\/?p=5060"},"modified":"2024-02-05T20:15:33","modified_gmt":"2024-02-05T19:15:33","slug":"noch-viel-luft-nach-oben","status":"publish","type":"post","link":"http:\/\/viktorianeckarhausen.de\/?p=5060","title":{"rendered":"Noch viel Luft nach oben"},"content":{"rendered":"\n<p>Im Spiel gegen die PM II des SV 98\/07 Seckenheim lie\u00dfen die Rot-Schwarzen viel zu w\u00fcnschen \u00fcbrig.<\/p>\n\n\n\n<p>In den Ersten 10 Minuten tut sich die Viktoria schwer ins Spiel zu kommen. In der Folge stabilisierte man sich, arbeitete sich zwei Gro\u00dfchance heraus, welche Antos und Foltin jedoch vergaben.<\/p>\n\n\n\n<p>In <a><\/a>der 19 Minute war es der engagierte Foltin der einen Fehler der G\u00e4ste-Hintermannschaft ausnutzte und zur 1:0 F\u00fchrung einschob.<\/p>\n\n\n\n<p>Die Viktoria anschlie\u00dfend weiter bem\u00fcht sich gute Chancen zu erarbeiten, jedoch sprang nichts z\u00e4hlbares heraus.<\/p>\n\n\n\n<p>Wie so oft fing man sich dann nach 26. Minuten den 1:1 Ausgleich durch Gro\u00dfmann. Vorausging ein v\u00f6llig \u00fcberhasteter Fehlpass in die Mitte auf H\u00f6he des Sechzehners.<\/p>\n\n\n\n<p>Die Viktoria verlor nun komplett den Faden und agierte aus unerkl\u00e4rlichen Gr\u00fcnden viel zu hektisch und ungenau in Ihrem Passspiel.<\/p>\n\n\n\n<p>Auch der zweite Gegentreffer fiel durch Fehlkommunikation in der Abwehr Reihe.<\/p>\n\n\n\n<p>M\u00fcnch schmi\u00df sich noch zweimal stark in die Zweik\u00e4mpfe, war im Prinzip aber auf sich allein gestellt und konnte den Gegentreffer nicht mehr verhindern. Torsch\u00fctze erneut Gro\u00dfmann nach 30 Minuten. Nach diesem Nackenschlag fing man sich ein wenig und versuchte das Spiel wieder zu kontrollieren.<\/p>\n\n\n\n<p>Nach feinem Pass in die Spitze tauchte Antos frei vor des Gegners Kasten auf. Dieser scheiterte zwar am stark aufspielendem Torh\u00fcter, doch Foltin war wachsam und schob den Abpraller locker ein. (41. Minute). Mit diesem Unentschieden ging es in die Halbzeit.<\/p>\n\n\n\n<p>Die Viktoria kam gut aus der Kabine und erarbeitete sich zahlreiche Gro\u00dfchanchen. Aber auch hier zeigte sich das bekannte Manko Chancenverwertung<\/p>\n\n\n\n<p>Der Gegner schlug wieder zu. Freisto\u00df, Heber \u00fcber die Abwehr Reihe, welche schlief und K\u00fcnzler schob frei vor Bernhard zum 2:3 ein (73. Minute)<\/p>\n\n\n\n<p>Antonino Carusotto schw\u00e4chte die Rot-Schwarzen nachdem er f\u00fcr Meckern die Ampelkarte sah.<\/p>\n\n\n\n<p>Mit einem Mann weniger in R\u00fcckstand liegend, bem\u00fchte man sich um Schadensbegrenzung.<\/p>\n\n\n\n<p>Bei Lars Mesili platzte dann endlich der Knoten und er war es, in der 87 Minute, welcher noch zum schmeichelhaften 3:3 ausgleichen konnte.<\/p>\n\n\n\n<p>Dabei blieb es dann auch.<\/p>\n","protected":false},"excerpt":{"rendered":"<p>Im Spiel gegen die PM II des SV 98\/07 Seckenheim lie\u00dfen die Rot-Schwarzen viel zu w\u00fcnschen \u00fcbrig. In den Ersten 10 Minuten tut sich die Viktoria schwer ins Spiel zu kommen. In der Folge stabilisierte man sich, arbeitete sich zwei Gro\u00dfchance heraus, welche Antos und Foltin jedoch vergaben. In der 19 Minute war es der&#8230; <\/p>\n<div class=\"clear\"><\/div>\n<p><a href=\"http:\/\/viktorianeckarhausen.de\/?p=5060\" class=\"excerpt-read-more\">Read More<\/a><\/p>\n","protected":false},"author":3,"featured_media":5061,"comment_status":"open","ping_status":"open","sticky":false,"template":"","format":"standard","meta":{"footnotes":""},"categories":[7,64],"tags":[],"class_list":["post-5060","post","type-post","status-publish","format-standard","has-post-thumbnail","hentry","category-news-article","category-spielbericht"],"_links":{"self":[{"href":"http:\/\/viktorianeckarhausen.de\/index.php?rest_route=\/wp\/v2\/posts\/5060","targetHints":{"allow":["GET"]}}],"collection":[{"href":"http:\/\/viktorianeckarhausen.de\/index.php?rest_route=\/wp\/v2\/posts"}],"about":[{"href":"http:\/\/viktorianeckarhausen.de\/index.php?rest_route=\/wp\/v2\/types\/post"}],"author":[{"embeddable":true,"href":"http:\/\/viktorianeckarhausen.de\/index.php?rest_route=\/wp\/v2\/users\/3"}],"replies":[{"embeddable":true,"href":"http:\/\/viktorianeckarhausen.de\/index.php?rest_route=%2Fwp%2Fv2%2Fcomments&post=5060"}],"version-history":[{"count":2,"href":"http:\/\/viktorianeckarhausen.de\/index.php?rest_route=\/wp\/v2\/posts\/5060\/revisions"}],"predecessor-version":[{"id":5063,"href":"http:\/\/viktorianeckarhausen.de\/index.php?rest_route=\/wp\/v2\/posts\/5060\/revisions\/5063"}],"wp:featuredmedia":[{"embeddable":true,"href":"http:\/\/viktorianeckarhausen.de\/index.php?rest_route=\/wp\/v2\/media\/5061"}],"wp:attachment":[{"href":"http:\/\/viktorianeckarhausen.de\/index.php?rest_route=%2Fwp%2Fv2%2Fmedia&parent=5060"}],"wp:term":[{"taxonomy":"category","embeddable":true,"href":"http:\/\/viktorianeckarhausen.de\/index.php?rest_route=%2Fwp%2Fv2%2Fcategories&post=5060"},{"taxonomy":"post_tag","embeddable":true,"href":"http:\/\/viktorianeckarhausen.de\/index.php?rest_route=%2Fwp%2Fv2%2Ftags&post=5060"}],"curies":[{"name":"wp","href":"https:\/\/api.w.org\/{rel}","templated":true}]}}