{"id":5083,"date":"2024-02-19T11:54:38","date_gmt":"2024-02-19T10:54:38","guid":{"rendered":"http:\/\/viktorianeckarhausen.de\/?p=5083"},"modified":"2024-02-19T11:54:38","modified_gmt":"2024-02-19T10:54:38","slug":"clubhaus-feierlich-eroeffnet","status":"publish","type":"post","link":"http:\/\/viktorianeckarhausen.de\/?p=5083","title":{"rendered":"Clubhaus feierlich er\u00f6ffnet"},"content":{"rendered":"\n<p>Volles Haus herrschte am Samstag bei unserer Clubhauser\u00f6ffnung! In feierlichem Rahmen \u00f6ffneten Giuseppe und Tulay Flaccavento nach einer Renovierungsphase die Pforten.<\/p>\n\n\n\n<p>Begleitet von unseren Freunden der&nbsp;<a href=\"https:\/\/www.facebook.com\/musikvereinigungneckarhausen?__cft__[0]=AZXZL6T9rxVVcQ9pkrL9mO2rJ2x47r5Qod1WPMOPE51IPFg-0rmrHSXxu4hZEGPKKKW-AABWr-VLnFzOLbkkZ96H34cdUn6DxqL1Y7YsAhyyQuhfwNsOR4l22kpJO_lOfE14wPwX5x07yAwNzCRyknG94HVa09gqahGm-THDiin6U7itJdYBHiDyeBrHosM_VEM&amp;__tn__=-]K*F\">Musikvereinigung 1923 Neckarhausen e.V.<\/a>&nbsp;\u00fcbergab Unser Erster Vorsitzender Tobias Hertel den obligatorischen Hefeschl\u00fcssel an unseren neuen Wirt. Dieser wurde gesponsert von der B\u00e4ckerei Hemberger, bei welcher wir uns ganz herzlich Bedanken!<\/p>\n\n\n\n<p>Auch unser B\u00fcrgermeister Florian K\u00f6nig richtete warme Worte an unser Wirtspaar. Die Zahlreichen G\u00e4ste, darunter auch unser ehemaliger B\u00fcrgermeister Marsch, konnten im Anschlu\u00df an einem Buffet erste Kostproben zu sich nehmen.<\/p>\n\n\n\n<p>In K\u00fcrze erh\u00e4lt Giuseppe auch einen neuen Pizzaoffen. Ebenso wird in K\u00fcrze die neue Speisekarte ver\u00f6ffentlicht. An dieser Stelle erfahrt ihr nat\u00fcrlich als erstes davon.<\/p>\n\n\n\n<p>Wir danken Giuseppe und Tulay f\u00fcr Ihr Engagement und freuen uns auf viele sch\u00f6ne Stunden im Clubhaus!<\/p>\n\n\n\n<p>Anbei verlinken wir euch noch den Bericht der RNZ.<\/p>\n\n\n\n<p><a href=\"https:\/\/www.rnz.de\/...\/rhein-neckar_artikel,-Edingen...\">https:\/\/www.rnz.de\/&#8230;\/rhein-neckar_artikel,-Edingen&#8230;<\/a><\/p>\n\n\n\n<p>Auch hier bedanken wir uns f\u00fcr die Berichterstattung!<\/p>\n","protected":false},"excerpt":{"rendered":"<p>Volles Haus herrschte am Samstag bei unserer Clubhauser\u00f6ffnung! In feierlichem Rahmen \u00f6ffneten Giuseppe und Tulay Flaccavento nach einer Renovierungsphase die Pforten. Begleitet von unseren Freunden der&nbsp;Musikvereinigung 1923 Neckarhausen e.V.&nbsp;\u00fcbergab Unser Erster Vorsitzender Tobias Hertel den obligatorischen Hefeschl\u00fcssel an unseren neuen Wirt. Dieser wurde gesponsert von der B\u00e4ckerei Hemberger, bei welcher wir uns ganz herzlich Bedanken!&#8230; <\/p>\n<div class=\"clear\"><\/div>\n<p><a href=\"http:\/\/viktorianeckarhausen.de\/?p=5083\" class=\"excerpt-read-more\">Read More<\/a><\/p>\n","protected":false},"author":3,"featured_media":5084,"comment_status":"open","ping_status":"open","sticky":false,"template":"","format":"standard","meta":{"footnotes":""},"categories":[7,65,66],"tags":[],"class_list":["post-5083","post","type-post","status-publish","format-standard","has-post-thumbnail","hentry","category-news-article","category-clubhaus","category-viktoria-familie"],"_links":{"self":[{"href":"http:\/\/viktorianeckarhausen.de\/index.php?rest_route=\/wp\/v2\/posts\/5083","targetHints":{"allow":["GET"]}}],"collection":[{"href":"http:\/\/viktorianeckarhausen.de\/index.php?rest_route=\/wp\/v2\/posts"}],"about":[{"href":"http:\/\/viktorianeckarhausen.de\/index.php?rest_route=\/wp\/v2\/types\/post"}],"author":[{"embeddable":true,"href":"http:\/\/viktorianeckarhausen.de\/index.php?rest_route=\/wp\/v2\/users\/3"}],"replies":[{"embeddable":true,"href":"http:\/\/viktorianeckarhausen.de\/index.php?rest_route=%2Fwp%2Fv2%2Fcomments&post=5083"}],"version-history":[{"count":2,"href":"http:\/\/viktorianeckarhausen.de\/index.php?rest_route=\/wp\/v2\/posts\/5083\/revisions"}],"predecessor-version":[{"id":5086,"href":"http:\/\/viktorianeckarhausen.de\/index.php?rest_route=\/wp\/v2\/posts\/5083\/revisions\/5086"}],"wp:featuredmedia":[{"embeddable":true,"href":"http:\/\/viktorianeckarhausen.de\/index.php?rest_route=\/wp\/v2\/media\/5084"}],"wp:attachment":[{"href":"http:\/\/viktorianeckarhausen.de\/index.php?rest_route=%2Fwp%2Fv2%2Fmedia&parent=5083"}],"wp:term":[{"taxonomy":"category","embeddable":true,"href":"http:\/\/viktorianeckarhausen.de\/index.php?rest_route=%2Fwp%2Fv2%2Fcategories&post=5083"},{"taxonomy":"post_tag","embeddable":true,"href":"http:\/\/viktorianeckarhausen.de\/index.php?rest_route=%2Fwp%2Fv2%2Ftags&post=5083"}],"curies":[{"name":"wp","href":"https:\/\/api.w.org\/{rel}","templated":true}]}}